{"id":393,"__str__":"Mo\u00e7\u00e3o n\u00ba 3 de 2025","link_detail_backend":"/materia/393","metadata":{},"numero":3,"ano":2025,"numero_protocolo":156,"data_apresentacao":"2025-04-25","tipo_apresentacao":"E","data_publicacao":null,"numero_origem_externa":"","ano_origem_externa":null,"data_origem_externa":null,"apelido":"","dias_prazo":null,"data_fim_prazo":null,"em_tramitacao":true,"polemica":false,"objeto":"","complementar":false,"ementa":"Mo\u00e7\u00e3o de Aplausos, para homenagear a Professora Bruna Ferreira Lopes, em reconhecimento ao relevante m\u00e9rito conquistado com o Pr\u00eamio de Pesquisa Mem\u00f3rias Reveladas 2024, na categoria Material de Comunica\u00e7\u00e3o, pelo projeto intitulado \"A Ditadura em Minas Gerais: Hist\u00f3ria, Mem\u00f3ria e Historiografia\", concedido pelo Arquivo Nacional, \u00f3rg\u00e3o vinculado ao Minist\u00e9rio da Gest\u00e3o e da Inova\u00e7\u00e3o em Servi\u00e7os P\u00fablicos.","indexacao":"","observacao":"","resultado":"","texto_original":null,"data_ultima_atualizacao":"2025-04-25T12:52:18.745819-03:00","ip":"131.100.136.162","ultima_edicao":"2025-04-25T12:52:18.744376-03:00","tipo":11,"regime_tramitacao":2,"tipo_origem_externa":null,"local_origem_externa":null,"user":2,"anexadas":[],"autores":[11]}